{"id":3442,"date":"2026-01-27T13:20:30","date_gmt":"2026-01-27T12:20:30","guid":{"rendered":"https:\/\/fundacioepisteme.cat\/forum2026\/?p=3442"},"modified":"2026-01-27T14:18:35","modified_gmt":"2026-01-27T13:18:35","slug":"nota-de-premsa","status":"publish","type":"post","link":"https:\/\/fundacioepisteme.cat\/forum2026\/nota-de-premsa\/","title":{"rendered":"Nota de premsa"},"content":{"rendered":"<p><a href=\"\/forum2026\/wp-content\/uploads\/2026\/01\/NP_-I-FORUM-DACADEMICS-PER-LES-EVIDENCIES-EDUCATIVES.pdf\" target=\"_blank\" rel=\"noopener\">BAIXAR LA NP EN PDF<\/a><\/p>\n<p><strong>NOTA DE PREMSA<\/strong><\/p>\n<h1 style=\"text-align: center;\"><strong>I F\u00d2RUM D\u2019ACAD\u00c8MICS PER LES EVID\u00c8NCIES EDUCATIVES<\/strong><\/h1>\n<h1 style=\"text-align: center;\"><strong>\u201cEuropa i el seu llegat: Ci\u00e8ncia, Humanitats i Educaci\u00f3\u201d<\/strong><\/h1>\n<p>&nbsp;<\/p>\n<p><strong>Barcelona, 27 de gener-<\/strong> La Fundaci\u00f3 Episteme organitza el\u00a0<strong>I F\u00f2rum d\u2019Acad\u00e8mics per les Evid\u00e8ncies Educatives <\/strong>destinat a analitzar i transmetre qu\u00e8 ens diuen les dades, els resultats, l\u2019experi\u00e8ncia docent i la recerca emp\u00edrica enfront de determinats models educatius.<\/p>\n<p>Amb el t\u00edtol\u00a0<strong>\u201cEuropa i el seu llegat: Ci\u00e8ncia, Humanitats i Educaci\u00f3\u201d<\/strong>\u00a0la trobada comptar\u00e0 amb quatre pon\u00e8ncies d\u2019experts a c\u00e0rrec de l\u2019exministre d\u2019Educaci\u00f3 i Ci\u00e8ncia de Portugal (2011-2015)\u00a0<strong>Nuno\u00a0Crato<\/strong>, la Professora Titular de Teoria de l\u2019Educaci\u00f3 en el Departament de Pedagogia de la Universidad Aut\u00f3noma de Madrid\u00a0<strong>Bianca\u00a0Thoilliez<\/strong>, el doctor en Ci\u00e8ncies F\u00edsiques, docent i expresident del Consejo Escolar del Estado\u00a0<strong>Francisco L\u00f3pez Rup\u00e9rez<\/strong>\u00a0i l\u2019inspector d\u2019Educaci\u00f3 IB i professor de la UIB\u00a0<strong>Miguel \u00c1ngel Tirado<\/strong>.<\/p>\n<p>La sessi\u00f3 es completar\u00e0 amb dues taules d\u2019an\u00e0lisi posteriors. La primera estar\u00e0 formada pel secretari general del sindicat Professors de Secund\u00e0ria\u00a0<strong>Ignasi Fern\u00e1ndez Daroca<\/strong>\u00a0i els professors\u00a0<strong>David Rabad\u00e0, Otilia Dan<\/strong>\u00a0i\u00a0<strong>Jordi Os\u00faa<\/strong>, sota moderaci\u00f3 d\u2019<strong>Eva Serra<\/strong>. La segona anir\u00e0 a c\u00e0rrec dels professors\u00a0<strong>Aurora Trigo, Antoni Hern\u00e1ndez-Fern\u00e1ndez, Ramon Casals<\/strong>\u00a0i la responsable de la plataforma de fam\u00edlies,\u00a0<strong>Dori Huertas<\/strong>, sota moderaci\u00f3 de\u00a0<strong>Xavier Mass\u00f3.<\/strong>\u00a0L\u2019acte comptar\u00e0 amb les presentacions de\u00a0<strong>Felipe de Vicente<\/strong>\u00a0i\u00a0<strong>Josep Oton<\/strong>.<\/p>\n<p>La\u00a0<strong>Fundaci\u00f3 Episteme<\/strong>\u00a0enceta aix\u00ed la primera gran trobada presencial d\u2019un nou cicle destinat a transmetre les evid\u00e8ncies educatives com a eines fonamentals per a dissenyar sistemes educatius contrastats. Dirigit a docents, fam\u00edlies i autoritats educatives, el\u00a0<strong>F\u00f2rum d\u2019Acad\u00e8mics per les Evid\u00e8ncies Educatives<\/strong>\u00a0neix com a resposta de la societat civil enfront d\u2019una imperiosa necessitat de recompondre els est\u00e0ndards educatius des de la responsabilitat compartida, on tots els actors s\u00f3n decisius. El format, dissenyat en clau positiva proposa una inspiraci\u00f3 cap a la cultura cl\u00e0ssica a trav\u00e9s de la gran obra de l\u2019autor renaixentista florent\u00ed\u00a0<strong>Sandro Botticelli,\u00a0<\/strong><em><strong>La primavera<\/strong><\/em>, apel\u00b7lant el ren\u00e9ixer del coneixement per a sostenir els valors cap a un nou ordre europeu.<\/p>\n<p>Aquesta primera trobada dona continu\u00eftat a l\u2019espai telem\u00e0tic de\u00a0<strong><em>F\u00f2rum Episteme<\/em><\/strong>\u00a0-actiu des de 2020- i el digital\u00a0<em><strong>Educational Evidence<\/strong><\/em>, creat el 2024. Aquest acte compta amb la col\u00b7laboraci\u00f3 del sindicat de Professors de Secund\u00e0ria (aspepc\u00b7sps), l\u2019Associaci\u00f3 de Catedr\u00e0tics (ACESC) i el digital\u00a0<em>Educational Evidence<\/em>. L&#8217;acte se celebrar\u00e0 el 25 d&#8217;abril de 2026 a la Resid\u00e8ncia d&#8217;Investigadors del CSIC, C\/ Hospital, 64, Barcelona.<\/p>\n<p>&nbsp;<\/p>\n<p><strong>Contactes Premsa \u2014 Fundaci\u00f3 Episteme<\/strong><\/p>\n<p>Xavier Mass\u00f3 \u00b7 Eva Serra<br \/>\nEmail: xavier.masso@fundacioepisteme.cat \u00b7 evaserra@fundacioepisteme.cat<br \/>\nTel: +34 679 145 884 \u00b7 +34 608 039 119<br \/>\nPelai, 12, 7\u00e8 \u00b7 08001 Barcelona<br \/>\nWeb: <a href=\"http:\/\/www.fundacioepisteme.cat\">www.fundacioepisteme.cat<\/a><\/p>\n","protected":false},"excerpt":{"rendered":"<p>Nota de Premsa &#8211; Fundaci\u00f3 Episteme<\/p>\n","protected":false},"author":1,"featured_media":3444,"comment_status":"open","ping_status":"open","sticky":false,"template":"","format":"standard","meta":{"ocean_post_layout":"","ocean_both_sidebars_style":"","ocean_both_sidebars_content_width":0,"ocean_both_sidebars_sidebars_width":0,"ocean_sidebar":"0","ocean_second_sidebar":"0","ocean_disable_margins":"enable","ocean_add_body_class":"","ocean_shortcode_before_top_bar":"","ocean_shortcode_after_top_bar":"","ocean_shortcode_before_header":"","ocean_shortcode_after_header":"","ocean_has_shortcode":"","ocean_shortcode_after_title":"","ocean_shortcode_before_footer_widgets":"","ocean_shortcode_after_footer_widgets":"","ocean_shortcode_before_footer_bottom":"","ocean_shortcode_after_footer_bottom":"","ocean_display_top_bar":"default","ocean_display_header":"default","ocean_header_style":"","ocean_center_header_left_menu":"0","ocean_custom_header_template":"0","ocean_custom_logo":0,"ocean_custom_retina_logo":0,"ocean_custom_logo_max_width":0,"ocean_custom_logo_tablet_max_width":0,"ocean_custom_logo_mobile_max_width":0,"ocean_custom_logo_max_height":0,"ocean_custom_logo_tablet_max_height":0,"ocean_custom_logo_mobile_max_height":0,"ocean_header_custom_menu":"0","ocean_menu_typo_font_family":"0","ocean_menu_typo_font_subset":"","ocean_menu_typo_font_size":0,"ocean_menu_typo_font_size_tablet":0,"ocean_menu_typo_font_size_mobile":0,"ocean_menu_typo_font_size_unit":"px","ocean_menu_typo_font_weight":"","ocean_menu_typo_font_weight_tablet":"","ocean_menu_typo_font_weight_mobile":"","ocean_menu_typo_transform":"","ocean_menu_typo_transform_tablet":"","ocean_menu_typo_transform_mobile":"","ocean_menu_typo_line_height":0,"ocean_menu_typo_line_height_tablet":0,"ocean_menu_typo_line_height_mobile":0,"ocean_menu_typo_line_height_unit":"","ocean_menu_typo_spacing":0,"ocean_menu_typo_spacing_tablet":0,"ocean_menu_typo_spacing_mobile":0,"ocean_menu_typo_spacing_unit":"","ocean_menu_link_color":"","ocean_menu_link_color_hover":"","ocean_menu_link_color_active":"","ocean_menu_link_background":"","ocean_menu_link_hover_background":"","ocean_menu_link_active_background":"","ocean_menu_social_links_bg":"","ocean_menu_social_hover_links_bg":"","ocean_menu_social_links_color":"","ocean_menu_social_hover_links_color":"","ocean_disable_title":"default","ocean_disable_heading":"default","ocean_post_title":"","ocean_post_subheading":"","ocean_post_title_style":"","ocean_post_title_background_color":"","ocean_post_title_background":0,"ocean_post_title_bg_image_position":"","ocean_post_title_bg_image_attachment":"","ocean_post_title_bg_image_repeat":"","ocean_post_title_bg_image_size":"","ocean_post_title_height":0,"ocean_post_title_bg_overlay":0.5,"ocean_post_title_bg_overlay_color":"","ocean_disable_breadcrumbs":"default","ocean_breadcrumbs_color":"","ocean_breadcrumbs_separator_color":"","ocean_breadcrumbs_links_color":"","ocean_breadcrumbs_links_hover_color":"","ocean_display_footer_widgets":"default","ocean_display_footer_bottom":"default","ocean_custom_footer_template":"0","ocean_post_oembed":"","ocean_post_self_hosted_media":"","ocean_post_video_embed":"","ocean_link_format":"","ocean_link_format_target":"self","ocean_quote_format":"","ocean_quote_format_link":"post","ocean_gallery_link_images":"on","ocean_gallery_id":[3445],"footnotes":""},"categories":[66],"tags":[63,43,35,62,65,64,38],"class_list":["post-3442","post","type-post","status-publish","format-standard","has-post-thumbnail","hentry","category-i-forum-premsa","tag-bianca-thoilliez","tag-francisco-lopez-ruperez","tag-fundacio-episteme","tag-i-forum-dacademics","tag-la-primavera","tag-miguel-angel-tirado","tag-nuno-crato","entry","has-media","owp-thumbs-layout-horizontal","owp-btn-normal","owp-tabs-layout-horizontal","has-no-thumbnails","has-product-nav"],"_links":{"self":[{"href":"https:\/\/fundacioepisteme.cat\/forum2026\/wp-json\/wp\/v2\/posts\/3442","targetHints":{"allow":["GET"]}}],"collection":[{"href":"https:\/\/fundacioepisteme.cat\/forum2026\/wp-json\/wp\/v2\/posts"}],"about":[{"href":"https:\/\/fundacioepisteme.cat\/forum2026\/wp-json\/wp\/v2\/types\/post"}],"author":[{"embeddable":true,"href":"https:\/\/fundacioepisteme.cat\/forum2026\/wp-json\/wp\/v2\/users\/1"}],"replies":[{"embeddable":true,"href":"https:\/\/fundacioepisteme.cat\/forum2026\/wp-json\/wp\/v2\/comments?post=3442"}],"version-history":[{"count":4,"href":"https:\/\/fundacioepisteme.cat\/forum2026\/wp-json\/wp\/v2\/posts\/3442\/revisions"}],"predecessor-version":[{"id":3505,"href":"https:\/\/fundacioepisteme.cat\/forum2026\/wp-json\/wp\/v2\/posts\/3442\/revisions\/3505"}],"wp:featuredmedia":[{"embeddable":true,"href":"https:\/\/fundacioepisteme.cat\/forum2026\/wp-json\/wp\/v2\/media\/3444"}],"wp:attachment":[{"href":"https:\/\/fundacioepisteme.cat\/forum2026\/wp-json\/wp\/v2\/media?parent=3442"}],"wp:term":[{"taxonomy":"category","embeddable":true,"href":"https:\/\/fundacioepisteme.cat\/forum2026\/wp-json\/wp\/v2\/categories?post=3442"},{"taxonomy":"post_tag","embeddable":true,"href":"https:\/\/fundacioepisteme.cat\/forum2026\/wp-json\/wp\/v2\/tags?post=3442"}],"curies":[{"name":"wp","href":"https:\/\/api.w.org\/{rel}","templated":true}]}}